{"id":932,"date":"2026-03-10T18:23:32","date_gmt":"2026-03-10T18:23:32","guid":{"rendered":"https:\/\/campinhoadvocacia.com\/?p=932"},"modified":"2026-03-10T19:57:29","modified_gmt":"2026-03-10T19:57:29","slug":"regularizacao-de-imoveis-comprei-por-contrato-de-compra-e-venda-mas-o-imovel-ainda-nao-esta-no-meu-nome-o-que-fazer","status":"publish","type":"post","link":"https:\/\/campinhoadvocacia.com\/?p=932","title":{"rendered":"Regulariza\u00e7\u00e3o de Im\u00f3veis: comprei por contrato de compra e venda, mas o im\u00f3vel ainda n\u00e3o est\u00e1 no meu nome. O que fazer?"},"content":{"rendered":"\n<p><\/p>\n\n\n\n<p><strong>O que voc\u00ea vai aprender neste artigo<\/strong><\/p>\n\n\n\n<p>Ao ler este artigo, voc\u00ea entender\u00e1:<\/p>\n\n\n\n<ul class=\"wp-block-list\">\n<li>Qual \u00e9 a <strong>validade jur\u00eddica do contrato de compra e venda com firma reconhecida em cart\u00f3rio<\/strong><\/li>\n\n\n\n<li>Por que esse contrato <strong>n\u00e3o transfere a propriedade do im\u00f3vel<\/strong><\/li>\n\n\n\n<li>Quais problemas podem surgir quando o im\u00f3vel continua registrado em nome do antigo propriet\u00e1rio<\/li>\n\n\n\n<li>Como d\u00edvidas, credores ou herdeiros podem afetar o im\u00f3vel<\/li>\n\n\n\n<li>O que \u00e9 a <strong>usucapi\u00e3o e como ela pode ser utilizada para regularizar um im\u00f3vel<\/strong><\/li>\n\n\n\n<li>Quais s\u00e3o as <strong>modalidades de usucapi\u00e3o judicial e extrajudicial<\/strong><\/li>\n\n\n\n<li>Por que regularizar um im\u00f3vel pode gerar <strong>maior seguran\u00e7a jur\u00eddica e valoriza\u00e7\u00e3o patrimonial<\/strong><\/li>\n<\/ul>\n\n\n\n<p><strong>Resumo r\u00e1pido<\/strong><\/p>\n\n\n\n<p>Muitas pessoas compram im\u00f3veis apenas por <strong>contrato de compra e venda com firma reconhecida em cart\u00f3rio<\/strong>. Esse contrato possui validade jur\u00eddica entre as partes, mas <strong>n\u00e3o transfere a propriedade do im\u00f3vel<\/strong> perante a lei. Enquanto o im\u00f3vel continuar registrado em nome do antigo propriet\u00e1rio, podem surgir riscos envolvendo <strong>credores, d\u00edvidas e herdeiros<\/strong>. Em muitos casos, a <strong>usucapi\u00e3o<\/strong> \u00e9 o caminho jur\u00eddico para transformar a posse em propriedade regularizada.<\/p>\n\n\n\n<p><strong>O contrato de compra e venda com firma reconhecida em cart\u00f3rio<\/strong><\/p>\n\n\n\n<p>\u00c9 muito comum no Brasil a compra de im\u00f3veis por meio de <strong>contratos particulares de compra e venda<\/strong>, muitas vezes com reconhecimento de firma em cart\u00f3rio.<\/p>\n\n\n\n<p>Esse documento possui <strong>validade jur\u00eddica entre as partes<\/strong>, pois demonstra que houve um acordo de transfer\u00eancia da posse do im\u00f3vel. Ele pode servir como prova da negocia\u00e7\u00e3o realizada e da rela\u00e7\u00e3o jur\u00eddica existente entre comprador e vendedor.<\/p>\n\n\n\n<p>Contudo, existe um princ\u00edpio fundamental do direito imobili\u00e1rio brasileiro:<\/p>\n\n\n\n<p><strong>A propriedade de um im\u00f3vel somente se transfere com o registro do t\u00edtulo na matr\u00edcula do im\u00f3vel no Cart\u00f3rio de Registro de Im\u00f3veis.<\/strong><\/p>\n\n\n\n<p>Isso significa que, mesmo com contrato assinado e firma reconhecida, o comprador ainda n\u00e3o \u00e9 considerado <strong>propriet\u00e1rio perante terceiros<\/strong>.<\/p>\n\n\n\n<p>Na pr\u00e1tica, ele possui a <strong>posse do im\u00f3vel<\/strong>, mas n\u00e3o a propriedade formal registrada.<\/p>\n\n\n\n<p><strong>Quais problemas podem surgir quando o im\u00f3vel n\u00e3o \u00e9 transferido<\/strong><\/p>\n\n\n\n<p>Quando um im\u00f3vel permanece registrado em nome do antigo propriet\u00e1rio, diversos riscos podem surgir ao longo do tempo.<\/p>\n\n\n\n<p>Esses riscos muitas vezes s\u00f3 aparecem anos depois da compra.<\/p>\n\n\n\n<p><strong>Credores do propriet\u00e1rio registral<\/strong><\/p>\n\n\n\n<p>Se o propriet\u00e1rio que ainda consta na matr\u00edcula do im\u00f3vel possuir d\u00edvidas, seus credores podem tentar atingir os bens registrados em seu nome.<\/p>\n\n\n\n<p>Isso pode resultar em situa\u00e7\u00f5es como:<\/p>\n\n\n\n<ul class=\"wp-block-list\">\n<li>penhora judicial do im\u00f3vel<\/li>\n\n\n\n<li>bloqueios judiciais<\/li>\n\n\n\n<li>inclus\u00e3o do im\u00f3vel em processos de execu\u00e7\u00e3o<\/li>\n<\/ul>\n\n\n\n<p>Mesmo que o im\u00f3vel j\u00e1 tenha sido vendido por contrato particular.<\/p>\n\n\n\n<p><strong>D\u00edvidas fiscais e execu\u00e7\u00f5es contra o propriet\u00e1rio registral<\/strong><\/p>\n\n\n\n<p>Outro problema comum ocorre quando o propriet\u00e1rio registral possui <strong>d\u00edvidas fiscais ou execu\u00e7\u00f5es fiscais<\/strong>.<\/p>\n\n\n\n<p>Nessas situa\u00e7\u00f5es, o im\u00f3vel pode ser inclu\u00eddo em cobran\u00e7as judiciais ou administrativas, pois para o sistema jur\u00eddico ele ainda pertence ao antigo propriet\u00e1rio.<\/p>\n\n\n\n<p><strong>Herdeiros do propriet\u00e1rio registral<\/strong><\/p>\n\n\n\n<p>Tamb\u00e9m \u00e9 comum que, com o passar do tempo, o propriet\u00e1rio registral venha a falecer.<\/p>\n\n\n\n<p>Quando isso acontece, o im\u00f3vel passa a integrar o <strong>processo de invent\u00e1rio<\/strong>, podendo ser reivindicado pelos herdeiros, mesmo que exista um contrato de compra e venda firmado anteriormente.<\/p>\n\n\n\n<p>Esse tipo de situa\u00e7\u00e3o pode gerar conflitos patrimoniais e disputas judiciais que poderiam ser evitadas com a regulariza\u00e7\u00e3o do im\u00f3vel.<\/p>\n\n\n\n<p><strong>Usucapi\u00e3o como instrumento de regulariza\u00e7\u00e3o imobili\u00e1ria<\/strong><\/p>\n\n\n\n<p>Quando um im\u00f3vel foi adquirido por contrato particular e n\u00e3o houve transfer\u00eancia formal da propriedade, uma das solu\u00e7\u00f5es jur\u00eddicas poss\u00edveis \u00e9 a <strong>usucapi\u00e3o<\/strong>.<\/p>\n\n\n\n<p><strong>O que \u00e9 usucapi\u00e3o<\/strong><\/p>\n\n\n\n<p>A usucapi\u00e3o \u00e9 um instituto jur\u00eddico que permite a aquisi\u00e7\u00e3o da propriedade de um bem por meio da <strong>posse cont\u00ednua, pac\u00edfica e prolongada ao longo do tempo<\/strong>, desde que preenchidos os requisitos legais.<\/p>\n\n\n\n<p>Em outras palavras, a lei reconhece que determinadas situa\u00e7\u00f5es consolidadas de posse podem se transformar em propriedade.<\/p>\n\n\n\n<p>Esse instituto existe justamente para <strong>regularizar situa\u00e7\u00f5es imobili\u00e1rias consolidadas ao longo do tempo<\/strong>.<\/p>\n\n\n\n<p><strong>A fun\u00e7\u00e3o social da propriedade e o papel da usucapi\u00e3o<\/strong><\/p>\n\n\n\n<p>A usucapi\u00e3o possui ra\u00edzes hist\u00f3ricas no direito romano e foi incorporada ao ordenamento jur\u00eddico brasileiro como forma de garantir <strong>seguran\u00e7a jur\u00eddica e cumprir a fun\u00e7\u00e3o social da propriedade<\/strong>.<\/p>\n\n\n\n<p>A Constitui\u00e7\u00e3o Federal estabelece que a propriedade deve cumprir sua fun\u00e7\u00e3o social. Isso significa que im\u00f3veis abandonados, irregulares ou sem utiliza\u00e7\u00e3o adequada podem ser regularizados por quem exerce a posse leg\u00edtima.<\/p>\n\n\n\n<p>Al\u00e9m disso, a regulariza\u00e7\u00e3o imobili\u00e1ria contribui para:<\/p>\n\n\n\n<ul class=\"wp-block-list\">\n<li>organiza\u00e7\u00e3o do sistema registral<\/li>\n\n\n\n<li>estabilidade nas rela\u00e7\u00f5es jur\u00eddicas<\/li>\n\n\n\n<li>valoriza\u00e7\u00e3o patrimonial<\/li>\n<\/ul>\n\n\n\n<p><strong>Regularizar o im\u00f3vel tamb\u00e9m aumenta o valor de mercado<\/strong><\/p>\n\n\n\n<p>Um im\u00f3vel regularizado tende a possuir <strong>maior valor de mercado<\/strong>.<\/p>\n\n\n\n<p>Isso ocorre porque im\u00f3veis com matr\u00edcula regular permitem:<\/p>\n\n\n\n<ul class=\"wp-block-list\">\n<li>financiamento banc\u00e1rio<\/li>\n\n\n\n<li>venda com maior seguran\u00e7a jur\u00eddica<\/li>\n\n\n\n<li>utiliza\u00e7\u00e3o como garantia em opera\u00e7\u00f5es financeiras<\/li>\n\n\n\n<li>maior liquidez no mercado imobili\u00e1rio<\/li>\n<\/ul>\n\n\n\n<p>Ou seja, al\u00e9m da seguran\u00e7a jur\u00eddica, a regulariza\u00e7\u00e3o tamb\u00e9m representa <strong>valoriza\u00e7\u00e3o patrimonial<\/strong>.<\/p>\n\n\n\n<p><strong>Modalidades de usucapi\u00e3o: judicial e extrajudicial<\/strong><\/p>\n\n\n\n<p>Atualmente existem duas formas principais de realizar a usucapi\u00e3o.<\/p>\n\n\n\n<p><strong>Usucapi\u00e3o judicial<\/strong><\/p>\n\n\n\n<p>A usucapi\u00e3o judicial ocorre por meio de um processo perante o Poder Judici\u00e1rio. Nesse caso, o juiz analisa os documentos e provas apresentados e pode declarar a aquisi\u00e7\u00e3o da propriedade ao final do processo.<\/p>\n\n\n\n<p><strong>Usucapi\u00e3o extrajudicial<\/strong><\/p>\n\n\n\n<p>Com a evolu\u00e7\u00e3o da legisla\u00e7\u00e3o e a moderniza\u00e7\u00e3o dos cart\u00f3rios, tamb\u00e9m passou a ser poss\u00edvel realizar a <strong>usucapi\u00e3o extrajudicial<\/strong>, diretamente no Cart\u00f3rio de Registro de Im\u00f3veis.<\/p>\n\n\n\n<p>Nesse procedimento, a regulariza\u00e7\u00e3o ocorre de forma administrativa, com a participa\u00e7\u00e3o obrigat\u00f3ria de advogado e an\u00e1lise documental pelo registrador.<\/p>\n\n\n\n<p>Quando todos os requisitos s\u00e3o atendidos, essa modalidade costuma ser mais r\u00e1pida.<\/p>\n\n\n\n<p><strong>Conclus\u00e3o<\/strong><\/p>\n\n\n\n<p>A compra de im\u00f3veis por meio de contratos particulares \u00e9 uma pr\u00e1tica comum no Brasil, mas a aus\u00eancia de registro na matr\u00edcula do im\u00f3vel pode gerar diversos riscos ao longo do tempo.<\/p>\n\n\n\n<p>Por isso, a <strong>regulariza\u00e7\u00e3o imobili\u00e1ria \u00e9 essencial para garantir seguran\u00e7a jur\u00eddica, valoriza\u00e7\u00e3o patrimonial e tranquilidade ao propriet\u00e1rio<\/strong>.<\/p>\n\n\n\n<p>Institutos como a usucapi\u00e3o desempenham papel fundamental nesse processo, permitindo que situa\u00e7\u00f5es consolidadas de posse sejam transformadas em propriedade formalmente reconhecida.<\/p>\n\n\n\n<p><strong>Thiago Duarte Campinho<\/strong><br>Advogado \u2013 OAB\/MG 172.384<br>Atua\u00e7\u00e3o em Direito Imobili\u00e1rio e Regulariza\u00e7\u00e3o de Im\u00f3veis<br>Campinho Advocacia<\/p>\n","protected":false},"excerpt":{"rendered":"<p>O que voc\u00ea vai aprender neste artigo Ao ler este artigo, voc\u00ea entender\u00e1: Resumo r\u00e1pido Muitas pessoas compram im\u00f3veis apenas por contrato de compra e venda com firma reconhecida em cart\u00f3rio. Esse contrato possui validade jur\u00eddica entre as partes, mas n\u00e3o transfere a propriedade do im\u00f3vel perante a lei. Enquanto o im\u00f3vel continuar registrado em [&hellip;]<\/p>\n","protected":false},"author":4,"featured_media":933,"comment_status":"open","ping_status":"closed","sticky":false,"template":"","format":"standard","meta":{"footnotes":""},"categories":[1],"tags":[],"class_list":["post-932","post","type-post","status-publish","format-standard","has-post-thumbnail","hentry","category-direito-imobiliario"],"yoast_head":"<!-- This site is optimized with the Yoast SEO plugin v24.5 - https:\/\/yoast.com\/wordpress\/plugins\/seo\/ -->\n<title>Regulariza\u00e7\u00e3o de Im\u00f3veis: comprei por contrato de compra e venda, mas o im\u00f3vel ainda n\u00e3o est\u00e1 no meu nome. O que fazer? - Campinho<\/title>\n<meta name=\"robots\" content=\"index, follow, max-snippet:-1, max-image-preview:large, max-video-preview:-1\" \/>\n<link rel=\"canonical\" href=\"https:\/\/campinhoadvocacia.com\/?p=932\" \/>\n<meta property=\"og:locale\" content=\"pt_BR\" \/>\n<meta property=\"og:type\" content=\"article\" \/>\n<meta property=\"og:title\" content=\"Regulariza\u00e7\u00e3o de Im\u00f3veis: comprei por contrato de compra e venda, mas o im\u00f3vel ainda n\u00e3o est\u00e1 no meu nome. O que fazer? - Campinho\" \/>\n<meta property=\"og:description\" content=\"O que voc\u00ea vai aprender neste artigo Ao ler este artigo, voc\u00ea entender\u00e1: Resumo r\u00e1pido Muitas pessoas compram im\u00f3veis apenas por contrato de compra e venda com firma reconhecida em cart\u00f3rio. Esse contrato possui validade jur\u00eddica entre as partes, mas n\u00e3o transfere a propriedade do im\u00f3vel perante a lei. Enquanto o im\u00f3vel continuar registrado em [&hellip;]\" \/>\n<meta property=\"og:url\" content=\"https:\/\/campinhoadvocacia.com\/?p=932\" \/>\n<meta property=\"og:site_name\" content=\"Campinho\" \/>\n<meta property=\"article:published_time\" content=\"2026-03-10T18:23:32+00:00\" \/>\n<meta property=\"article:modified_time\" content=\"2026-03-10T19:57:29+00:00\" \/>\n<meta property=\"og:image\" content=\"https:\/\/campinhoadvocacia.com\/wp-content\/uploads\/2026\/03\/1-Regularizacao-de-Imoveis-1024x683.png\" \/>\n\t<meta property=\"og:image:width\" content=\"1024\" \/>\n\t<meta property=\"og:image:height\" content=\"683\" \/>\n\t<meta property=\"og:image:type\" content=\"image\/png\" \/>\n<meta name=\"author\" content=\"Campinho Advogado\" \/>\n<meta name=\"twitter:card\" content=\"summary_large_image\" \/>\n<meta name=\"twitter:label1\" content=\"Escrito por\" \/>\n\t<meta name=\"twitter:data1\" content=\"Campinho Advogado\" \/>\n\t<meta name=\"twitter:label2\" content=\"Est. tempo de leitura\" \/>\n\t<meta name=\"twitter:data2\" content=\"6 minutos\" \/>\n<script type=\"application\/ld+json\" class=\"yoast-schema-graph\">{\"@context\":\"https:\/\/schema.org\",\"@graph\":[{\"@type\":\"Article\",\"@id\":\"https:\/\/campinhoadvocacia.com\/?p=932#article\",\"isPartOf\":{\"@id\":\"https:\/\/campinhoadvocacia.com\/?p=932\"},\"author\":{\"name\":\"Campinho Advogado\",\"@id\":\"https:\/\/campinhoadvocacia.com\/#\/schema\/person\/e68e93e2679ef6b5b9776bdfbcec7a88\"},\"headline\":\"Regulariza\u00e7\u00e3o de Im\u00f3veis: comprei por contrato de compra e venda, mas o im\u00f3vel ainda n\u00e3o est\u00e1 no meu nome. O que fazer?\",\"datePublished\":\"2026-03-10T18:23:32+00:00\",\"dateModified\":\"2026-03-10T19:57:29+00:00\",\"mainEntityOfPage\":{\"@id\":\"https:\/\/campinhoadvocacia.com\/?p=932\"},\"wordCount\":1145,\"commentCount\":0,\"publisher\":{\"@id\":\"https:\/\/campinhoadvocacia.com\/#organization\"},\"image\":{\"@id\":\"https:\/\/campinhoadvocacia.com\/?p=932#primaryimage\"},\"thumbnailUrl\":\"https:\/\/campinhoadvocacia.com\/wp-content\/uploads\/2026\/03\/1-Regularizacao-de-Imoveis.png\",\"articleSection\":[\"Direito Imobili\u00e1rio\"],\"inLanguage\":\"pt-BR\",\"potentialAction\":[{\"@type\":\"CommentAction\",\"name\":\"Comment\",\"target\":[\"https:\/\/campinhoadvocacia.com\/?p=932#respond\"]}]},{\"@type\":\"WebPage\",\"@id\":\"https:\/\/campinhoadvocacia.com\/?p=932\",\"url\":\"https:\/\/campinhoadvocacia.com\/?p=932\",\"name\":\"Regulariza\u00e7\u00e3o de Im\u00f3veis: comprei por contrato de compra e venda, mas o im\u00f3vel ainda n\u00e3o est\u00e1 no meu nome. O que fazer? - Campinho\",\"isPartOf\":{\"@id\":\"https:\/\/campinhoadvocacia.com\/#website\"},\"primaryImageOfPage\":{\"@id\":\"https:\/\/campinhoadvocacia.com\/?p=932#primaryimage\"},\"image\":{\"@id\":\"https:\/\/campinhoadvocacia.com\/?p=932#primaryimage\"},\"thumbnailUrl\":\"https:\/\/campinhoadvocacia.com\/wp-content\/uploads\/2026\/03\/1-Regularizacao-de-Imoveis.png\",\"datePublished\":\"2026-03-10T18:23:32+00:00\",\"dateModified\":\"2026-03-10T19:57:29+00:00\",\"breadcrumb\":{\"@id\":\"https:\/\/campinhoadvocacia.com\/?p=932#breadcrumb\"},\"inLanguage\":\"pt-BR\",\"potentialAction\":[{\"@type\":\"ReadAction\",\"target\":[\"https:\/\/campinhoadvocacia.com\/?p=932\"]}]},{\"@type\":\"ImageObject\",\"inLanguage\":\"pt-BR\",\"@id\":\"https:\/\/campinhoadvocacia.com\/?p=932#primaryimage\",\"url\":\"https:\/\/campinhoadvocacia.com\/wp-content\/uploads\/2026\/03\/1-Regularizacao-de-Imoveis.png\",\"contentUrl\":\"https:\/\/campinhoadvocacia.com\/wp-content\/uploads\/2026\/03\/1-Regularizacao-de-Imoveis.png\",\"width\":1536,\"height\":1024},{\"@type\":\"BreadcrumbList\",\"@id\":\"https:\/\/campinhoadvocacia.com\/?p=932#breadcrumb\",\"itemListElement\":[{\"@type\":\"ListItem\",\"position\":1,\"name\":\"In\u00edcio\",\"item\":\"https:\/\/campinhoadvocacia.com\/\"},{\"@type\":\"ListItem\",\"position\":2,\"name\":\"Regulariza\u00e7\u00e3o de Im\u00f3veis: comprei por contrato de compra e venda, mas o im\u00f3vel ainda n\u00e3o est\u00e1 no meu nome. O que fazer?\"}]},{\"@type\":\"WebSite\",\"@id\":\"https:\/\/campinhoadvocacia.com\/#website\",\"url\":\"https:\/\/campinhoadvocacia.com\/\",\"name\":\"Campinho\",\"description\":\"Advocacia\",\"publisher\":{\"@id\":\"https:\/\/campinhoadvocacia.com\/#organization\"},\"potentialAction\":[{\"@type\":\"SearchAction\",\"target\":{\"@type\":\"EntryPoint\",\"urlTemplate\":\"https:\/\/campinhoadvocacia.com\/?s={search_term_string}\"},\"query-input\":{\"@type\":\"PropertyValueSpecification\",\"valueRequired\":true,\"valueName\":\"search_term_string\"}}],\"inLanguage\":\"pt-BR\"},{\"@type\":\"Organization\",\"@id\":\"https:\/\/campinhoadvocacia.com\/#organization\",\"name\":\"Campinho\",\"url\":\"https:\/\/campinhoadvocacia.com\/\",\"logo\":{\"@type\":\"ImageObject\",\"inLanguage\":\"pt-BR\",\"@id\":\"https:\/\/campinhoadvocacia.com\/#\/schema\/logo\/image\/\",\"url\":\"https:\/\/campinhoadvocacia.com\/wp-content\/uploads\/2023\/07\/Logo.png\",\"contentUrl\":\"https:\/\/campinhoadvocacia.com\/wp-content\/uploads\/2023\/07\/Logo.png\",\"width\":1263,\"height\":182,\"caption\":\"Campinho\"},\"image\":{\"@id\":\"https:\/\/campinhoadvocacia.com\/#\/schema\/logo\/image\/\"}},{\"@type\":\"Person\",\"@id\":\"https:\/\/campinhoadvocacia.com\/#\/schema\/person\/e68e93e2679ef6b5b9776bdfbcec7a88\",\"name\":\"Campinho Advogado\",\"image\":{\"@type\":\"ImageObject\",\"inLanguage\":\"pt-BR\",\"@id\":\"https:\/\/campinhoadvocacia.com\/#\/schema\/person\/image\/\",\"url\":\"https:\/\/secure.gravatar.com\/avatar\/6e23a5a758f976e9979a9d2450d02a6bef41937ffc198ef9b871c1803af69871?s=96&d=mm&r=g\",\"contentUrl\":\"https:\/\/secure.gravatar.com\/avatar\/6e23a5a758f976e9979a9d2450d02a6bef41937ffc198ef9b871c1803af69871?s=96&d=mm&r=g\",\"caption\":\"Campinho Advogado\"},\"url\":\"https:\/\/campinhoadvocacia.com\/?author=4\"}]}<\/script>\n<!-- \/ Yoast SEO plugin. -->","yoast_head_json":{"title":"Regulariza\u00e7\u00e3o de Im\u00f3veis: comprei por contrato de compra e venda, mas o im\u00f3vel ainda n\u00e3o est\u00e1 no meu nome. O que fazer? - Campinho","robots":{"index":"index","follow":"follow","max-snippet":"max-snippet:-1","max-image-preview":"max-image-preview:large","max-video-preview":"max-video-preview:-1"},"canonical":"https:\/\/campinhoadvocacia.com\/?p=932","og_locale":"pt_BR","og_type":"article","og_title":"Regulariza\u00e7\u00e3o de Im\u00f3veis: comprei por contrato de compra e venda, mas o im\u00f3vel ainda n\u00e3o est\u00e1 no meu nome. O que fazer? - Campinho","og_description":"O que voc\u00ea vai aprender neste artigo Ao ler este artigo, voc\u00ea entender\u00e1: Resumo r\u00e1pido Muitas pessoas compram im\u00f3veis apenas por contrato de compra e venda com firma reconhecida em cart\u00f3rio. Esse contrato possui validade jur\u00eddica entre as partes, mas n\u00e3o transfere a propriedade do im\u00f3vel perante a lei. Enquanto o im\u00f3vel continuar registrado em [&hellip;]","og_url":"https:\/\/campinhoadvocacia.com\/?p=932","og_site_name":"Campinho","article_published_time":"2026-03-10T18:23:32+00:00","article_modified_time":"2026-03-10T19:57:29+00:00","og_image":[{"width":1024,"height":683,"url":"https:\/\/campinhoadvocacia.com\/wp-content\/uploads\/2026\/03\/1-Regularizacao-de-Imoveis-1024x683.png","type":"image\/png"}],"author":"Campinho Advogado","twitter_card":"summary_large_image","twitter_misc":{"Escrito por":"Campinho Advogado","Est. tempo de leitura":"6 minutos"},"schema":{"@context":"https:\/\/schema.org","@graph":[{"@type":"Article","@id":"https:\/\/campinhoadvocacia.com\/?p=932#article","isPartOf":{"@id":"https:\/\/campinhoadvocacia.com\/?p=932"},"author":{"name":"Campinho Advogado","@id":"https:\/\/campinhoadvocacia.com\/#\/schema\/person\/e68e93e2679ef6b5b9776bdfbcec7a88"},"headline":"Regulariza\u00e7\u00e3o de Im\u00f3veis: comprei por contrato de compra e venda, mas o im\u00f3vel ainda n\u00e3o est\u00e1 no meu nome. O que fazer?","datePublished":"2026-03-10T18:23:32+00:00","dateModified":"2026-03-10T19:57:29+00:00","mainEntityOfPage":{"@id":"https:\/\/campinhoadvocacia.com\/?p=932"},"wordCount":1145,"commentCount":0,"publisher":{"@id":"https:\/\/campinhoadvocacia.com\/#organization"},"image":{"@id":"https:\/\/campinhoadvocacia.com\/?p=932#primaryimage"},"thumbnailUrl":"https:\/\/campinhoadvocacia.com\/wp-content\/uploads\/2026\/03\/1-Regularizacao-de-Imoveis.png","articleSection":["Direito Imobili\u00e1rio"],"inLanguage":"pt-BR","potentialAction":[{"@type":"CommentAction","name":"Comment","target":["https:\/\/campinhoadvocacia.com\/?p=932#respond"]}]},{"@type":"WebPage","@id":"https:\/\/campinhoadvocacia.com\/?p=932","url":"https:\/\/campinhoadvocacia.com\/?p=932","name":"Regulariza\u00e7\u00e3o de Im\u00f3veis: comprei por contrato de compra e venda, mas o im\u00f3vel ainda n\u00e3o est\u00e1 no meu nome. O que fazer? - Campinho","isPartOf":{"@id":"https:\/\/campinhoadvocacia.com\/#website"},"primaryImageOfPage":{"@id":"https:\/\/campinhoadvocacia.com\/?p=932#primaryimage"},"image":{"@id":"https:\/\/campinhoadvocacia.com\/?p=932#primaryimage"},"thumbnailUrl":"https:\/\/campinhoadvocacia.com\/wp-content\/uploads\/2026\/03\/1-Regularizacao-de-Imoveis.png","datePublished":"2026-03-10T18:23:32+00:00","dateModified":"2026-03-10T19:57:29+00:00","breadcrumb":{"@id":"https:\/\/campinhoadvocacia.com\/?p=932#breadcrumb"},"inLanguage":"pt-BR","potentialAction":[{"@type":"ReadAction","target":["https:\/\/campinhoadvocacia.com\/?p=932"]}]},{"@type":"ImageObject","inLanguage":"pt-BR","@id":"https:\/\/campinhoadvocacia.com\/?p=932#primaryimage","url":"https:\/\/campinhoadvocacia.com\/wp-content\/uploads\/2026\/03\/1-Regularizacao-de-Imoveis.png","contentUrl":"https:\/\/campinhoadvocacia.com\/wp-content\/uploads\/2026\/03\/1-Regularizacao-de-Imoveis.png","width":1536,"height":1024},{"@type":"BreadcrumbList","@id":"https:\/\/campinhoadvocacia.com\/?p=932#breadcrumb","itemListElement":[{"@type":"ListItem","position":1,"name":"In\u00edcio","item":"https:\/\/campinhoadvocacia.com\/"},{"@type":"ListItem","position":2,"name":"Regulariza\u00e7\u00e3o de Im\u00f3veis: comprei por contrato de compra e venda, mas o im\u00f3vel ainda n\u00e3o est\u00e1 no meu nome. O que fazer?"}]},{"@type":"WebSite","@id":"https:\/\/campinhoadvocacia.com\/#website","url":"https:\/\/campinhoadvocacia.com\/","name":"Campinho","description":"Advocacia","publisher":{"@id":"https:\/\/campinhoadvocacia.com\/#organization"},"potentialAction":[{"@type":"SearchAction","target":{"@type":"EntryPoint","urlTemplate":"https:\/\/campinhoadvocacia.com\/?s={search_term_string}"},"query-input":{"@type":"PropertyValueSpecification","valueRequired":true,"valueName":"search_term_string"}}],"inLanguage":"pt-BR"},{"@type":"Organization","@id":"https:\/\/campinhoadvocacia.com\/#organization","name":"Campinho","url":"https:\/\/campinhoadvocacia.com\/","logo":{"@type":"ImageObject","inLanguage":"pt-BR","@id":"https:\/\/campinhoadvocacia.com\/#\/schema\/logo\/image\/","url":"https:\/\/campinhoadvocacia.com\/wp-content\/uploads\/2023\/07\/Logo.png","contentUrl":"https:\/\/campinhoadvocacia.com\/wp-content\/uploads\/2023\/07\/Logo.png","width":1263,"height":182,"caption":"Campinho"},"image":{"@id":"https:\/\/campinhoadvocacia.com\/#\/schema\/logo\/image\/"}},{"@type":"Person","@id":"https:\/\/campinhoadvocacia.com\/#\/schema\/person\/e68e93e2679ef6b5b9776bdfbcec7a88","name":"Campinho Advogado","image":{"@type":"ImageObject","inLanguage":"pt-BR","@id":"https:\/\/campinhoadvocacia.com\/#\/schema\/person\/image\/","url":"https:\/\/secure.gravatar.com\/avatar\/6e23a5a758f976e9979a9d2450d02a6bef41937ffc198ef9b871c1803af69871?s=96&d=mm&r=g","contentUrl":"https:\/\/secure.gravatar.com\/avatar\/6e23a5a758f976e9979a9d2450d02a6bef41937ffc198ef9b871c1803af69871?s=96&d=mm&r=g","caption":"Campinho Advogado"},"url":"https:\/\/campinhoadvocacia.com\/?author=4"}]}},"_links":{"self":[{"href":"https:\/\/campinhoadvocacia.com\/index.php?rest_route=\/wp\/v2\/posts\/932","targetHints":{"allow":["GET"]}}],"collection":[{"href":"https:\/\/campinhoadvocacia.com\/index.php?rest_route=\/wp\/v2\/posts"}],"about":[{"href":"https:\/\/campinhoadvocacia.com\/index.php?rest_route=\/wp\/v2\/types\/post"}],"author":[{"embeddable":true,"href":"https:\/\/campinhoadvocacia.com\/index.php?rest_route=\/wp\/v2\/users\/4"}],"replies":[{"embeddable":true,"href":"https:\/\/campinhoadvocacia.com\/index.php?rest_route=%2Fwp%2Fv2%2Fcomments&post=932"}],"version-history":[{"count":1,"href":"https:\/\/campinhoadvocacia.com\/index.php?rest_route=\/wp\/v2\/posts\/932\/revisions"}],"predecessor-version":[{"id":934,"href":"https:\/\/campinhoadvocacia.com\/index.php?rest_route=\/wp\/v2\/posts\/932\/revisions\/934"}],"wp:featuredmedia":[{"embeddable":true,"href":"https:\/\/campinhoadvocacia.com\/index.php?rest_route=\/wp\/v2\/media\/933"}],"wp:attachment":[{"href":"https:\/\/campinhoadvocacia.com\/index.php?rest_route=%2Fwp%2Fv2%2Fmedia&parent=932"}],"wp:term":[{"taxonomy":"category","embeddable":true,"href":"https:\/\/campinhoadvocacia.com\/index.php?rest_route=%2Fwp%2Fv2%2Fcategories&post=932"},{"taxonomy":"post_tag","embeddable":true,"href":"https:\/\/campinhoadvocacia.com\/index.php?rest_route=%2Fwp%2Fv2%2Ftags&post=932"}],"curies":[{"name":"wp","href":"https:\/\/api.w.org\/{rel}","templated":true}]}}